{"headers": {"id": "ID", "periodo": "Per\u00edodo", "titulo": "Mat\u00e9ria", "autor": "Autor", "ementa": "Ementa", "situacao": "Situa\u00e7\u00e3o"}, "results": [{"id": 998, "periodo": "ordem dia", "titulo": "Requerimento n\u00ba 1 de 2026", "autor": "Nanato,Ademir Batista,Ce\u00e7a da Sa\u00fade,C\u00e9lia de Jaci,Flavio do Ovo,Jadinho Da Ceasa,Livia Campos,Ninha de Z\u00e9 Maria,Ninho Mototaxi,Severino do Ovo,Wedson de Biu Beleu", "ementa": "VOTO DE MO\u00c7\u00c3O DE PARAB\u00c9NS a SR\u00aa. JUCINEIDE MARIA DE MELO, vereadora deste Munic\u00edpio, pela passagem de seu anivers\u00e1rio no dia 03 de janeiro do corrente ano. (REQUERIMENTO VERBAL NA 1\u00b0 SESS\u00c3O ORDIN\u00c1RIA)", "situacao": "Mat\u00e9ria para ordem do dia"}, {"id": 1003, "periodo": "ordem dia", "titulo": "Requerimento n\u00ba 3 de 2026", "autor": "Livia Campos", "ementa": "Requer VOTO DE MO\u00c7\u00c3O E APLAUSOS \u00e0 Sra. Ver\u00f4nica Maria Lira da Silva, conhecida como \u201cPonca\u201d, em reconhecimento ao relevante trabalho social desenvolvido por meio da organiza\u00e7\u00e3o do evento \u201cJantar dos Garis\u201d, realizado anualmente. (REQUERIMENTO VERBAL NA 1\u00b0 SESS\u00c3O ORDIN\u00c1RIA)", "situacao": "Mat\u00e9ria para ordem do dia"}, {"id": 1004, "periodo": "expediente", "titulo": "Ata das Sess\u00f5es Ordin\u00e1rias n\u00ba 1 de 2026", "autor": "", "ementa": "Ata Eletr\u00f4nica da 1\u00aa Sess\u00e3o Ordin\u00e1ria do 1\u00ba Per\u00edodo da 1\u00b0 Sess\u00e3o Legislativa da 15 Legislatura.", "situacao": "Ata em discuss\u00e3o e vota\u00e7\u00e3o"}, {"id": 1006, "periodo": "expediente", "titulo": "Projeto de Lei do Legislativo n\u00ba 2 de 2026", "autor": "Ademir Batista,C\u00e9lia de Jaci,Nanato", "ementa": "Reestrutura a Ouvidoria da C\u00e2mara Municipal de Vereadores de Ch\u00e3 Grande e d\u00e1 outras provid\u00eancias.", "situacao": "Mat\u00e9ria para expediente do dia"}, {"id": 997, "periodo": "expediente", "titulo": "Projeto de Resolu\u00e7\u00e3o n\u00ba 1 de 2026", "autor": "Ce\u00e7a da Sa\u00fade", "ementa": "Concede T\u00edtulo de Cidad\u00e3o changrandense ao Sr. Eduardo Tertuliano do Nascimento.", "situacao": "Mat\u00e9ria para expediente do dia"}, {"id": 999, "periodo": "expediente", "titulo": "Requerimento n\u00ba 2 de 2026", "autor": "Ninha de Z\u00e9 Maria", "ementa": "VOTO DE MO\u00c7\u00c3O DE PARAB\u00c9NS ao SR. Ant\u00f4nio Jorge,  pela passagem de seu anivers\u00e1rio no dia 03 de janeiro do corrente ano.", "situacao": "Mat\u00e9ria para expediente do dia"}, {"id": 1000, "periodo": "expediente", "titulo": "Indica\u00e7\u00e3o n\u00ba 1 de 2026", "autor": "Flavio do Ovo", "ementa": "Solicita que seja providenciado a MANUTEN\u00c7\u00c3O DA ILUMINA\u00c7\u00c3O no S\u00edtio Lajedo Grande, neste munic\u00edpio.", "situacao": "Mat\u00e9ria para expediente do dia"}, {"id": 1001, "periodo": "expediente", "titulo": "Indica\u00e7\u00e3o n\u00ba 2 de 2026", "autor": "Flavio do Ovo", "ementa": "Solicita que seja providenciado a MANUTEN\u00c7\u00c3O DA ILUMINA\u00c7\u00c3O no s\u00edtio Muxoxo, neste munic\u00edpio.", "situacao": "Mat\u00e9ria para expediente do dia"}, {"id": 1002, "periodo": "expediente", "titulo": "Indica\u00e7\u00e3o n\u00ba 3 de 2026", "autor": "Flavio do Ovo", "ementa": "Solicita que seja providenciado a MANUTEN\u00c7\u00c3O DA ILUMINA\u00c7\u00c3O no s\u00edtio dos Guerreiros, neste munic\u00edpio.", "situacao": "Mat\u00e9ria para expediente do dia"}, {"id": 1005, "periodo": "expediente", "titulo": "Indica\u00e7\u00e3o n\u00ba 4 de 2026", "autor": "Nanato", "ementa": "Solicita que seja providenciada estudos t\u00e9cnicos e provid\u00eancias necess\u00e1rias para a implanta\u00e7\u00e3o do SESB \u2013 Servi\u00e7o de Especialidades em Sa\u00fade Bucal no munic\u00edpio.", "situacao": "Mat\u00e9ria para expediente do dia"}]}