{"id":499,"__str__":"Requerimento n\u00ba 33 de 2024","link_detail_backend":"/materia/499","metadata":{},"numero":33,"ano":2024,"numero_protocolo":8,"data_apresentacao":"2024-07-02","tipo_apresentacao":"","data_publicacao":null,"numero_origem_externa":"","ano_origem_externa":null,"data_origem_externa":null,"apelido":"","dias_prazo":null,"data_fim_prazo":null,"em_tramitacao":false,"polemica":false,"objeto":"","complementar":false,"ementa":"VOTO DE MO\u00c7\u00c3O E APLAUSOS ao SR. JOEL ALVES DE LMA JUNIOR ,pela sua exitosa vida acad\u00eamica e profissional.","indexacao":"","observacao":"Formado em 2013 no curso de Sistemas de Informa\u00e7\u00e3o pela Faculdade Osman da Costa Lins (FACOL). Em seguida, concluiu o mestrado em Inform\u00e1tica Aplicada pela Universidade Federal Rural de Pernambuco (UFRPE). Atualmente, est\u00e1 finalizando meu doutorado no Centro de Inform\u00e1tica (CIn) da Universidade Federal de Pernambuco (UFPE), focado no estudo do processo de Inova\u00e7\u00e3o Aberta em Governo. Recentemente, um dos seus artigos foi aceito para a 25th Annual International Conference on Digital Government Research (DG.o 2024) que aconteceu em Taiwan. Uma renomada confer\u00eancia que re\u00fane pesquisadores de todo o mundo para apresentar estudos sobre o processo de transforma\u00e7\u00e3o digital em governos e possui um rigoroso processo de sele\u00e7\u00e3o. A sua pesquisa de doutorado tem sido desenvolvida em colabora\u00e7\u00e3o com diversos \u00f3rg\u00e3os p\u00fablicos no Brasil, incluindo prefeituras, empresas p\u00fablicas (municipais e federais), Governo do Estado, Escola Nacional de Administra\u00e7\u00e3o P\u00fablica (ENAP), Minist\u00e9rios P\u00fablicos (MPs), Tribunais de Justi\u00e7a (TJs), Tribunais de Contas (TCs) e o Senado Federal. Como resultado final, sua tese ir\u00e1 dispor \u00e0 todos os \u00f3rg\u00e3os p\u00fablicos do Brasil um conjunto de ferramentas e modelos te\u00f3ricos que auxiliar\u00e1 na promo\u00e7\u00e3o da inova\u00e7\u00e3o de modo mais efetivo, levando em considera\u00e7\u00e3o a participa\u00e7\u00e3o e o envolvimento de toda a sociedade civil, permitindo aos \u00f3rg\u00e3os p\u00fablicos ser mais transparente, eficiente, moderno e aberto \u00e0s novas necessidades da nova sociedade conectada.","resultado":"","texto_original":"http://sapl.chagrande.pe.leg.br/media/sapl/public/materialegislativa/2024/499/requerimento_33.pdf","data_ultima_atualizacao":"2024-07-19T11:29:40.989321-03:00","ip":"170.78.81.83","ultima_edicao":"2024-07-19T11:29:40.810613-03:00","tipo":2,"regime_tramitacao":1,"tipo_origem_externa":null,"local_origem_externa":null,"user":4,"anexadas":[],"autores":[8]}